{"id":3478,"date":"2026-04-17T22:23:59","date_gmt":"2026-04-17T20:23:59","guid":{"rendered":"https:\/\/letter-fit.de\/letterfit\/?p=3478"},"modified":"2026-04-26T22:24:14","modified_gmt":"2026-04-26T20:24:14","slug":"ehrenmedaille-der-region-hannover","status":"publish","type":"post","link":"https:\/\/letter-fit.de\/letterfit\/index.php\/2026\/04\/17\/ehrenmedaille-der-region-hannover\/","title":{"rendered":"Ehrenmedaille der Region Hannover"},"content":{"rendered":"<p>Am 17.4.26 wurde dem Verein &#8222;Letter-fit: Miteinander-F\u00fcreinander&#8220; e.V. die Ehrenmedaille der Region Hannover f\u00fcr sein ehrenamtliches Wirkens f\u00fcr ein nachbarschaftliches Miteinander verliehen. Die Ehrung fand im Rahmen der Veranstaltung &#8222;Ehrenamt im Fokus&#8220; statt. Der Erste Regionsrat Jens Palandt \u00fcberreichte der ersten Vorsitzenden Petra Scholl die Urkunde und die Medaille.<\/p>\n","protected":false},"excerpt":{"rendered":"<p>Am 17.4.26 wurde dem Verein &#8222;Letter-fit: Miteinander-F\u00fcreinander&#8220; e.V. die Ehrenmedaille der Region Hannover f\u00fcr sein ehrenamtliches Wirkens f\u00fcr ein nachbarschaftliches Miteinander verliehen. Die Ehrung fand im Rahmen der Veranstaltung &#8222;Ehrenamt im Fokus&#8220; statt. Der Erste Regionsrat Jens Palandt \u00fcberreichte der ersten Vorsitzenden Petra Scholl die Urkunde und die Medaille.<\/p>\n","protected":false},"author":1,"featured_media":0,"comment_status":"closed","ping_status":"closed","sticky":false,"template":"","format":"standard","meta":{"footnotes":""},"categories":[1],"tags":[],"class_list":["post-3478","post","type-post","status-publish","format-standard","hentry","category-uncategorized"],"post_mailing_queue_ids":[],"_links":{"self":[{"href":"https:\/\/letter-fit.de\/letterfit\/index.php\/wp-json\/wp\/v2\/posts\/3478","targetHints":{"allow":["GET"]}}],"collection":[{"href":"https:\/\/letter-fit.de\/letterfit\/index.php\/wp-json\/wp\/v2\/posts"}],"about":[{"href":"https:\/\/letter-fit.de\/letterfit\/index.php\/wp-json\/wp\/v2\/types\/post"}],"author":[{"embeddable":true,"href":"https:\/\/letter-fit.de\/letterfit\/index.php\/wp-json\/wp\/v2\/users\/1"}],"replies":[{"embeddable":true,"href":"https:\/\/letter-fit.de\/letterfit\/index.php\/wp-json\/wp\/v2\/comments?post=3478"}],"version-history":[{"count":1,"href":"https:\/\/letter-fit.de\/letterfit\/index.php\/wp-json\/wp\/v2\/posts\/3478\/revisions"}],"predecessor-version":[{"id":3479,"href":"https:\/\/letter-fit.de\/letterfit\/index.php\/wp-json\/wp\/v2\/posts\/3478\/revisions\/3479"}],"wp:attachment":[{"href":"https:\/\/letter-fit.de\/letterfit\/index.php\/wp-json\/wp\/v2\/media?parent=3478"}],"wp:term":[{"taxonomy":"category","embeddable":true,"href":"https:\/\/letter-fit.de\/letterfit\/index.php\/wp-json\/wp\/v2\/categories?post=3478"},{"taxonomy":"post_tag","embeddable":true,"href":"https:\/\/letter-fit.de\/letterfit\/index.php\/wp-json\/wp\/v2\/tags?post=3478"}],"curies":[{"name":"wp","href":"https:\/\/api.w.org\/{rel}","templated":true}]}}